{"id":1085,"date":"2011-05-24T08:59:14","date_gmt":"2011-05-24T08:59:14","guid":{"rendered":"https:\/\/www.yallayalla.it\/magazine\/?p=1085"},"modified":"2012-01-13T11:21:24","modified_gmt":"2012-01-13T11:21:24","slug":"last-minute-ibiza-regina-delle-baleari","status":"publish","type":"post","link":"https:\/\/www.yallayalla.it\/magazine\/last-minute-ibiza-regina-delle-baleari\/","title":{"rendered":"Last Minute per Ibiza, regina delle Baleari"},"content":{"rendered":"<p style=\"text-align: justify;\"><img loading=\"lazy\" decoding=\"async\" class=\"alignleft size-full wp-image-1086\" title=\"baleari-ibiza\" src=\"https:\/\/www.yallayalla.it\/magazine\/wp-content\/uploads\/baleari-ibiza.jpg\" alt=\"Last Minute Ibiza, Baleari\" width=\"166\" height=\"110\" \/>Una vacanza <a title=\"Last Minute Ibiza\" href=\"https:\/\/www.yallayalla.it\/lastminute\/\"><strong>last minute a Ibiza<\/strong><\/a>? Questo \u00e8 ci\u00f2 che fa per voi. Preparatevi a vivere una settimana di divertimento sull\u2019isola pi\u00f9 frenetica delle <strong>Baleari<\/strong> dove troverete spiagge bellissime, mare cristallino ma soprattutto <strong>la vera movida estiva<\/strong>. Le vostre vacanze non saranno state mai cos\u00ec divertenti e scatenate dopo che avrete sperimentato ci\u00f2 che pu\u00f2 offrirvi Ibiza.<\/p>\n<p style=\"text-align: justify;\">Una vacanza Last Minute vi trasporter\u00e0, in pochi giorni, in discoteche come il <strong>Bora Bora<\/strong> o lo <strong>Space<\/strong>, rinomate in tutto il mondo.<\/p>\n<p style=\"text-align: justify;\">Se il vostro divertimento non vi permette di allontanarvi dall&#8217;acqua, il <strong>parco acquatico Aguamar <\/strong>far\u00e0 al caso vostro.<strong> <\/strong>Un luogo dove si pu\u00f2 passare una giornata rilassante in attesa che cali il sole per potersi scatenare nei locali. Gli hotel dell&#8217;area sono dotati di tutti i comfort dedicati a chi vuole evadere completamente dal quotidiano.<\/p>\n<p style=\"text-align: justify;\">Tra spiagge, divertimenti e serate frenetiche, il vostro soggiorno nell&#8217;isola delle Baleari sar\u00e0 di quelli indimenticabili.<\/p>\n<p style=\"text-align: justify;\">Con le offerte Last Minute, la vostra vacanza da sogno a Ibiza \u00e8 a distanza di qualche click dal divenire realt\u00e0.<\/p>\n","protected":false},"excerpt":{"rendered":"<p>Una vacanza last minute a Ibiza? Questo \u00e8 ci\u00f2 che fa per voi. Preparatevi a vivere una settimana di divertimento sull\u2019isola pi\u00f9 frenetica delle Baleari dove troverete spiagge bellissime, mare cristallino ma soprattutto la&#46;&#46;&#46;<\/p>\n","protected":false},"author":9,"featured_media":0,"comment_status":"open","ping_status":"open","sticky":false,"template":"","format":"standard","meta":{"footnotes":""},"categories":[6],"tags":[92,202,152],"class_list":["post-1085","post","type-post","status-publish","format-standard","hentry","category-offerte-last-minute","tag-baleari","tag-ibiza","tag-last-minute"],"aioseo_notices":[],"_links":{"self":[{"href":"https:\/\/www.yallayalla.it\/magazine\/wp-json\/wp\/v2\/posts\/1085","targetHints":{"allow":["GET"]}}],"collection":[{"href":"https:\/\/www.yallayalla.it\/magazine\/wp-json\/wp\/v2\/posts"}],"about":[{"href":"https:\/\/www.yallayalla.it\/magazine\/wp-json\/wp\/v2\/types\/post"}],"author":[{"embeddable":true,"href":"https:\/\/www.yallayalla.it\/magazine\/wp-json\/wp\/v2\/users\/9"}],"replies":[{"embeddable":true,"href":"https:\/\/www.yallayalla.it\/magazine\/wp-json\/wp\/v2\/comments?post=1085"}],"version-history":[{"count":6,"href":"https:\/\/www.yallayalla.it\/magazine\/wp-json\/wp\/v2\/posts\/1085\/revisions"}],"predecessor-version":[{"id":3472,"href":"https:\/\/www.yallayalla.it\/magazine\/wp-json\/wp\/v2\/posts\/1085\/revisions\/3472"}],"wp:attachment":[{"href":"https:\/\/www.yallayalla.it\/magazine\/wp-json\/wp\/v2\/media?parent=1085"}],"wp:term":[{"taxonomy":"category","embeddable":true,"href":"https:\/\/www.yallayalla.it\/magazine\/wp-json\/wp\/v2\/categories?post=1085"},{"taxonomy":"post_tag","embeddable":true,"href":"https:\/\/www.yallayalla.it\/magazine\/wp-json\/wp\/v2\/tags?post=1085"}],"curies":[{"name":"wp","href":"https:\/\/api.w.org\/{rel}","templated":true}]}}