{"id":1424,"date":"2011-06-15T07:52:31","date_gmt":"2011-06-15T07:52:31","guid":{"rendered":"https:\/\/www.yallayalla.it\/magazine\/?p=1424"},"modified":"2011-09-09T15:19:35","modified_gmt":"2011-09-09T15:19:35","slug":"hostal-cala-es-pujols-formentera-baleari-luglio","status":"publish","type":"post","link":"https:\/\/www.yallayalla.it\/magazine\/hostal-cala-es-pujols-formentera-baleari-luglio\/","title":{"rendered":"Hostal Cala es Pujols: offerta vacanze a Formentera, Baleari"},"content":{"rendered":"<p><strong><img loading=\"lazy\" decoding=\"async\" class=\"alignleft size-medium wp-image-1425\" title=\"offerta-vacanze-formentera-baleari\" src=\"https:\/\/www.yallayalla.it\/magazine\/wp-content\/uploads\/offerta-vacanze-formentera-baleari-300x224.jpg\" alt=\"Offerta vacanze per Formentera, Baleari\" width=\"210\" height=\"157\" srcset=\"https:\/\/www.yallayalla.it\/magazine\/wp-content\/uploads\/offerta-vacanze-formentera-baleari-300x224.jpg 300w, https:\/\/www.yallayalla.it\/magazine\/wp-content\/uploads\/offerta-vacanze-formentera-baleari.jpg 550w\" sizes=\"auto, (max-width: 210px) 100vw, 210px\" \/>Cala es Pujols Hostal<\/strong> \u00e8 un confortevole 3 stelle situato a poca distanza dalla spiaggia di <em>Es Pujols<\/em>, una delle pi\u00f9 belle dell\u2019isola<strong><\/strong> Se coglierete al volo questa <a title=\"Offerta vacanze per Formentera\" href=\"https:\/\/www.yallayalla.it\/offerte\/Offerte%20Vacanze%20Baleari\/Offerte%20Vacanze%20Formentera\"><strong>offerta vacanze per Formentera<\/strong><\/a>, passerete una stupenda settimana, <strong>dal 24 al 31 luglio<\/strong>, sulla pi\u00f9 bella isola delle <strong>Baleari<\/strong>: la struttura \u00e8 ubicata in una posizione che vi permetter\u00e0 di godere di una bellissima vista sulla baia ed \u00e8 perfetta per una clientela giovane e intenzionata a trascorrere giornate all\u2019insegna del divertimento. Le 45 sistemazioni sono arredate in modo semplice e funzionale, hanno tutte il balcone e dispongono di aria condizionata, tv satellitare, minifrigo e telefono.<\/p>\n<p>Il centro di <em>Es Pujols<\/em> \u00e8 la meta turistica pi\u00f9 rinomata di <strong>Formentera<\/strong> ed \u00e8 l\u2019ideale per chi cerca un po\u2019 di movimento: di giorno potrete girare per negozi mentre di sera le strade si animano coi vari locali e ristoranti. Per chi vuole vedere anche il lato naturalistico di Formentera, <em>Es Pujols<\/em> \u00e8 una delle basi da cui partire alla scoperta delle varie cale e spiaggette nascoste nelle quali godere del relax a stretto contatto con la natura del luogo.<\/p>\n<p>Non tutti sanno, inoltre, che su Formentera sorge il pi\u00f9 grande sepolcro megalitico delle Baleari: a <em>Ca na Costa<\/em>, infatti, potrete ammirare un imponente dolmen risalente all\u2019Et\u00e0 del Bronzo. Questo sito archeologico si trova a nord dell\u2019isola, proprio nelle vicinanze di <em>Es Pujols <\/em>e dello specchio d\u2019acqua chiamato <em>Estany Pudent<\/em>. Se disponete di un\u2019auto, recatevi a <em>Es Cal\u00f2 de Sant Agust\u00ec<\/em>, un piccolo scorcio di paradiso contornato dal bosco, dove potrete gustare le specialit\u00e0 del luogo e godervi la bellezza del mare cristallino in totale relax.<\/p>\n<p>Partite il <strong>24 luglio<\/strong> per le <strong>Baleari<\/strong> e trascorrete la vostra vacanza al <strong>Cala es Pujols Hostal<\/strong> di <strong>Formentera<\/strong>.<\/p>\n","protected":false},"excerpt":{"rendered":"<p>Cala es Pujols Hostal \u00e8 un confortevole 3 stelle situato a poca distanza dalla spiaggia di Es Pujols, una delle pi\u00f9 belle dell\u2019isola Se coglierete al volo questa offerta vacanze per Formentera, passerete una&#46;&#46;&#46;<\/p>\n","protected":false},"author":9,"featured_media":0,"comment_status":"open","ping_status":"open","sticky":false,"template":"","format":"standard","meta":{"footnotes":""},"categories":[6],"tags":[92,140,151,9],"class_list":["post-1424","post","type-post","status-publish","format-standard","hentry","category-offerte-last-minute","tag-baleari","tag-formentera","tag-offerta","tag-vacanze"],"aioseo_notices":[],"_links":{"self":[{"href":"https:\/\/www.yallayalla.it\/magazine\/wp-json\/wp\/v2\/posts\/1424","targetHints":{"allow":["GET"]}}],"collection":[{"href":"https:\/\/www.yallayalla.it\/magazine\/wp-json\/wp\/v2\/posts"}],"about":[{"href":"https:\/\/www.yallayalla.it\/magazine\/wp-json\/wp\/v2\/types\/post"}],"author":[{"embeddable":true,"href":"https:\/\/www.yallayalla.it\/magazine\/wp-json\/wp\/v2\/users\/9"}],"replies":[{"embeddable":true,"href":"https:\/\/www.yallayalla.it\/magazine\/wp-json\/wp\/v2\/comments?post=1424"}],"version-history":[{"count":2,"href":"https:\/\/www.yallayalla.it\/magazine\/wp-json\/wp\/v2\/posts\/1424\/revisions"}],"predecessor-version":[{"id":2289,"href":"https:\/\/www.yallayalla.it\/magazine\/wp-json\/wp\/v2\/posts\/1424\/revisions\/2289"}],"wp:attachment":[{"href":"https:\/\/www.yallayalla.it\/magazine\/wp-json\/wp\/v2\/media?parent=1424"}],"wp:term":[{"taxonomy":"category","embeddable":true,"href":"https:\/\/www.yallayalla.it\/magazine\/wp-json\/wp\/v2\/categories?post=1424"},{"taxonomy":"post_tag","embeddable":true,"href":"https:\/\/www.yallayalla.it\/magazine\/wp-json\/wp\/v2\/tags?post=1424"}],"curies":[{"name":"wp","href":"https:\/\/api.w.org\/{rel}","templated":true}]}}