{"id":5602,"date":"2012-07-17T07:22:25","date_gmt":"2012-07-17T07:22:25","guid":{"rendered":"https:\/\/www.yallayalla.it\/magazine\/?p=5602"},"modified":"2012-07-17T07:22:25","modified_gmt":"2012-07-17T07:22:25","slug":"ciutadella-minorca-baleari","status":"publish","type":"post","link":"https:\/\/www.yallayalla.it\/magazine\/ciutadella-minorca-baleari\/","title":{"rendered":"La Ciutadella: l\u2019antica capitale di Minorca, nelle Baleari"},"content":{"rendered":"<p style=\"text-align: justify;\"><img loading=\"lazy\" decoding=\"async\" class=\"alignleft size-full wp-image-5604\" title=\"ciutadella-minorca-baleari\" src=\"https:\/\/www.yallayalla.it\/magazine\/wp-content\/uploads\/ciutadella-minorca-baleari.jpg\" alt=\"Ciutadella di Minorca, nelle Baleari\" width=\"240\" height=\"160\" srcset=\"https:\/\/www.yallayalla.it\/magazine\/wp-content\/uploads\/ciutadella-minorca-baleari.jpg 500w, https:\/\/www.yallayalla.it\/magazine\/wp-content\/uploads\/ciutadella-minorca-baleari-300x199.jpg 300w\" sizes=\"(max-width: 240px) 100vw, 240px\" \/>Nelle sue strade, nei suoi palazzi e nella sua urbanistica si incontrano la cultura araba e quella medievale. Ed \u00e8 tale connubio a rendere unica questa localit\u00e0: stiamo parlando della <strong>Ciutadella<\/strong>, la vecchia capitale dell\u2019isola di <strong><a title=\"Minorca\" href=\"https:\/\/www.yallayalla.it\/destinazioni\/baleari\/minorca\">Minorca<\/a><\/strong>, nell\u2019arcipelago della <strong>Baleari<\/strong>.<\/p>\n<p style=\"text-align: justify;\">Un\u2019atmosfera che pu\u00f2 essere vissuta e respirata semplicemente passeggiando per la stradine di <strong>Ciutadella<\/strong> di <strong>Minorca<\/strong>. Es Born \u00e8 la parte pi\u00f9 caratteristica di questa citt\u00e0 delle <strong>Baleari<\/strong>, e si immette direttamente in nella Piazza omonima, dominata dalla mole imponente del Palazzo comunale. Inoltre, \u00e8 in tale piazza che si svolgono i diversi eventi che animano durante tutto l\u2019anno la vita di questa localit\u00e0.<\/p>\n<p style=\"text-align: justify;\">La <strong>Ciutadella<\/strong> \u00e8 anche celebre per i suoi tanti edifici di carattere religioso: la Cattedrale omonima, risalente al XIV secolo e costruita per volere di re Alfonso III; il chiostro della chiesa del Soccorso e il convento di santa Chiara.<\/p>\n<p style=\"text-align: justify;\">Infine, durante una vacanza alla scoperta della <strong>Ciutadella<\/strong> di <strong>Minorca<\/strong>, nelle <strong>Baleari<\/strong>, non pu\u00f2 mancare una visita al porto di questa citt\u00e0, dove caff\u00e8, locali di vario genere, bar e ristoranti contribuiscono ad animare la vita tanto di giorno quanto di notte.<\/p>\n<p>&nbsp;<\/p>\n<p><em>Fonte immagine: flickr.com\/photos\/manua1971<\/em><\/p>\n","protected":false},"excerpt":{"rendered":"<p>Nelle sue strade, nei suoi palazzi e nella sua urbanistica si incontrano la cultura araba e quella medievale. Ed \u00e8 tale connubio a rendere unica questa localit\u00e0: stiamo parlando della Ciutadella, la vecchia capitale&#46;&#46;&#46;<\/p>\n","protected":false},"author":9,"featured_media":0,"comment_status":"open","ping_status":"open","sticky":false,"template":"","format":"standard","meta":{"footnotes":""},"categories":[5],"tags":[92,91],"aioseo_notices":["[]"],"_links":{"self":[{"href":"https:\/\/www.yallayalla.it\/magazine\/wp-json\/wp\/v2\/posts\/5602"}],"collection":[{"href":"https:\/\/www.yallayalla.it\/magazine\/wp-json\/wp\/v2\/posts"}],"about":[{"href":"https:\/\/www.yallayalla.it\/magazine\/wp-json\/wp\/v2\/types\/post"}],"author":[{"embeddable":true,"href":"https:\/\/www.yallayalla.it\/magazine\/wp-json\/wp\/v2\/users\/9"}],"replies":[{"embeddable":true,"href":"https:\/\/www.yallayalla.it\/magazine\/wp-json\/wp\/v2\/comments?post=5602"}],"version-history":[{"count":8,"href":"https:\/\/www.yallayalla.it\/magazine\/wp-json\/wp\/v2\/posts\/5602\/revisions"}],"predecessor-version":[{"id":5733,"href":"https:\/\/www.yallayalla.it\/magazine\/wp-json\/wp\/v2\/posts\/5602\/revisions\/5733"}],"wp:attachment":[{"href":"https:\/\/www.yallayalla.it\/magazine\/wp-json\/wp\/v2\/media?parent=5602"}],"wp:term":[{"taxonomy":"category","embeddable":true,"href":"https:\/\/www.yallayalla.it\/magazine\/wp-json\/wp\/v2\/categories?post=5602"},{"taxonomy":"post_tag","embeddable":true,"href":"https:\/\/www.yallayalla.it\/magazine\/wp-json\/wp\/v2\/tags?post=5602"}],"curies":[{"name":"wp","href":"https:\/\/api.w.org\/{rel}","templated":true}]}}