{"id":6924,"date":"2013-06-05T15:06:43","date_gmt":"2013-06-05T13:06:43","guid":{"rendered":"https:\/\/www.yallayalla.it\/magazine\/?p=6924"},"modified":"2013-06-05T15:07:11","modified_gmt":"2013-06-05T13:07:11","slug":"estate-tra-le-isole-piu-belle-delle-baleari-minorca","status":"publish","type":"post","link":"https:\/\/www.yallayalla.it\/magazine\/estate-tra-le-isole-piu-belle-delle-baleari-minorca\/","title":{"rendered":"Estate tra le isole pi\u00f9 belle delle Baleari, Minorca"},"content":{"rendered":"<p><img loading=\"lazy\" decoding=\"async\" class=\"alignleft size-medium wp-image-6929\" title=\"Cala Turqueta Minorca\" src=\"https:\/\/www.yallayalla.it\/magazine\/wp-content\/uploads\/Cala-Turqueta-Minorca-300x225.jpg\" alt=\"estate tra le isole Baleari Cala Turqueta\" width=\"300\" height=\"225\" srcset=\"https:\/\/www.yallayalla.it\/magazine\/wp-content\/uploads\/Cala-Turqueta-Minorca-300x225.jpg 300w, https:\/\/www.yallayalla.it\/magazine\/wp-content\/uploads\/Cala-Turqueta-Minorca.jpg 600w\" sizes=\"auto, (max-width: 300px) 100vw, 300px\" \/>Dovete decidere la destinazione per le vacanze estive ma ancora non sapete cosa scegliere? Se volete organizzare una vacanza verso una delle destinazioni pi\u00f9 belle per l\u2019estate 2013, allora preparate la valigia, si parte per le<strong> isole Baleari<\/strong>. Minorca al quanto pare \u00e8 una delle destinazioni principali per le vacanze della prossima estate. In coppia, in famiglia o tra amici, a Minorca troverete divertimento alla portata di tutti nel del mar Mediterraneo.<\/p>\n<p>Con le sue incantevoli spiagge e calette naturali \u00e8 davvero difficile che non venga scelta come destinazione per una vacanza all\u2019insegna del relax e del divertimento.<!--more--><\/p>\n<p>Un\u2019isola completamente paradisiaca, basti pensare che tra <a title=\"Vacanze Baleari: le spiagge preferite dai vip\" href=\"https:\/\/www.yallayalla.it\/magazine\/2013\/04\/05\/vacanze-baleari-le-spiagge-preferite-dai-vip\/\" target=\"_blank\">gli isolotti delle Baleari<\/a>, Minorca \u00e8 la meno urbanizzata. Minorca \u00e8 una Riserva Mondiale della Biosfera. Non \u00e8 un caso se la strada principale, percorribile anche in moto senza difficolt\u00e0 \u00e8 quella che collega Mao con Ciutadella e che attraversa Es Mercadal, Ferreries e Alaior.\u00a0 Le altre strade non sono asfaltate e quindi la percorribilit\u00e0 \u00e8 complicata, soprattutto se avete noleggiato uno scooter. Vi sconsigliamo di noleggiare la moto, optando invece per una macchina, per spostarsi in totale sicurezza, soprattutto se decidete di spostarvi di sera.<\/p>\n<p>Minorca, data la sua natura selvaggia e incontaminata, l\u2019isola meno divertente, da scegliere per una vacanza all\u2019insegna del benessere e della cosiddetta \u201c<em>natura terapia<\/em>\u201d. Non aspettatevi di trovare locali e <a title=\"Destinazione Ibiza: una vacanza all\u2019insegna del divertimento\" href=\"https:\/\/www.yallayalla.it\/magazine\/2013\/04\/15\/destinazione-ibiza-una-vacanza-allinsegna-del-divertimento\/\" target=\"_blank\">discoteche alla moda come Ibiza<\/a>, anzi sappiate che la vita \u00e8 decisamente l\u2019opposto. Fino a quest\u2019anno Minorca si \u00e8 mantenuta come una delle destinazioni meno affollate in termini di flussi turistici.<\/p>\n<p>Quindi ricordate di mettere in valigia abbastanza tubetti di crema solare e costumi per prendere il sole sulle spiagge preferite dai turisti, come <em>Cala Turqueta<\/em>, lungo la costa nord occidentale, molto probabilmente una delle pi\u00f9 incantevoli di tutta l\u2019isola, sebbene la spiaggia sia poco ampia e trovare un posto pu\u00f2 essere difficile. Un\u2019altra spiaggia da frequentare \u00e8 <em>Cala Macarella<\/em> e <em>Cala Macarelleta<\/em>, anche queste molto famose per chi va in vacanza a Minorca approfittando di qualche offerta oppure per un <a title=\"offerte last minute\" href=\"https:\/\/www.yallayalla.it\/lastminute\/\" target=\"_blank\">weekend last minute<\/a>.<\/p>\n","protected":false},"excerpt":{"rendered":"<p>Dovete decidere la destinazione per le vacanze estive ma ancora non sapete cosa scegliere? Se volete organizzare una vacanza verso una delle destinazioni pi\u00f9 belle per l\u2019estate 2013, allora preparate la valigia, si parte&#46;&#46;&#46;<\/p>\n","protected":false},"author":9,"featured_media":0,"comment_status":"open","ping_status":"closed","sticky":false,"template":"","format":"standard","meta":{"footnotes":""},"categories":[5],"tags":[404,415],"class_list":["post-6924","post","type-post","status-publish","format-standard","hentry","category-consigli-di-viaggio","tag-vacanza-baleari","tag-vacanze-estate-2013"],"aioseo_notices":[],"_links":{"self":[{"href":"https:\/\/www.yallayalla.it\/magazine\/wp-json\/wp\/v2\/posts\/6924","targetHints":{"allow":["GET"]}}],"collection":[{"href":"https:\/\/www.yallayalla.it\/magazine\/wp-json\/wp\/v2\/posts"}],"about":[{"href":"https:\/\/www.yallayalla.it\/magazine\/wp-json\/wp\/v2\/types\/post"}],"author":[{"embeddable":true,"href":"https:\/\/www.yallayalla.it\/magazine\/wp-json\/wp\/v2\/users\/9"}],"replies":[{"embeddable":true,"href":"https:\/\/www.yallayalla.it\/magazine\/wp-json\/wp\/v2\/comments?post=6924"}],"version-history":[{"count":7,"href":"https:\/\/www.yallayalla.it\/magazine\/wp-json\/wp\/v2\/posts\/6924\/revisions"}],"predecessor-version":[{"id":6932,"href":"https:\/\/www.yallayalla.it\/magazine\/wp-json\/wp\/v2\/posts\/6924\/revisions\/6932"}],"wp:attachment":[{"href":"https:\/\/www.yallayalla.it\/magazine\/wp-json\/wp\/v2\/media?parent=6924"}],"wp:term":[{"taxonomy":"category","embeddable":true,"href":"https:\/\/www.yallayalla.it\/magazine\/wp-json\/wp\/v2\/categories?post=6924"},{"taxonomy":"post_tag","embeddable":true,"href":"https:\/\/www.yallayalla.it\/magazine\/wp-json\/wp\/v2\/tags?post=6924"}],"curies":[{"name":"wp","href":"https:\/\/api.w.org\/{rel}","templated":true}]}}